{"id":256,"date":"2018-07-31T18:32:47","date_gmt":"2018-07-31T16:32:47","guid":{"rendered":"https:\/\/maikehaeusling.de\/?p=256"},"modified":"2020-11-20T05:33:16","modified_gmt":"2020-11-20T04:33:16","slug":"stadtlandschaften-aquarelle-2013-heute","status":"publish","type":"post","link":"https:\/\/maikehaeusling.de\/en\/stadtlandschaften-aquarelle-2013-heute\/","title":{"rendered":"Stadtlandschaften, seit 2013"},"content":{"rendered":"<div id='gallery-1' class='gallery galleryid-256 gallery-columns-4 gallery-size-thumbnail'><dl class='gallery-item'>\n\t\t\t<dt class='gallery-icon portrait'>\n\t\t\t\t<a href='https:\/\/maikehaeusling.de\/wp-content\/uploads\/Stadtlandschaft_Gallus_01.HP_.jpg' class=\"rl-gallery-link\" data-rl_caption=\"Stadtlandschaften \/\/ Cityscapes, Gallus 01, 2013, Aquarell\/Watercolor, 35,5 x 25 cm\" data-rel=\"lightbox-gallery-1\" data-magnific_type=\"gallery\"><img width=\"150\" height=\"150\" src=\"https:\/\/maikehaeusling.de\/wp-content\/uploads\/Stadtlandschaft_Gallus_01.HP_-150x150.jpg\" class=\"attachment-thumbnail size-thumbnail\" alt=\"Stadtlandschaften, seit 2013\" decoding=\"async\" loading=\"lazy\" srcset=\"https:\/\/maikehaeusling.de\/wp-content\/uploads\/Stadtlandschaft_Gallus_01.HP_-150x150.jpg 150w, https:\/\/maikehaeusling.de\/wp-content\/uploads\/Stadtlandschaft_Gallus_01.HP_-970x970.jpg 970w, https:\/\/maikehaeusling.de\/wp-content\/uploads\/Stadtlandschaft_Gallus_01.HP_-700x700.jpg 700w\" sizes=\"(max-width: 150px) 100vw, 150px\" title=\"\" data-rl_title=\"\" \/><\/a>\n\t\t\t<\/dt><\/dl><dl class='gallery-item'>\n\t\t\t<dt class='gallery-icon landscape'>\n\t\t\t\t<a href='https:\/\/maikehaeusling.de\/wp-content\/uploads\/Stadtlandschaft_Bockenheim_02_HP.jpg' class=\"rl-gallery-link\" data-rl_caption=\"\" data-rel=\"lightbox-gallery-1\" data-magnific_type=\"gallery\"><img width=\"150\" height=\"150\" src=\"https:\/\/maikehaeusling.de\/wp-content\/uploads\/Stadtlandschaft_Bockenheim_02_HP-150x150.jpg\" class=\"attachment-thumbnail size-thumbnail\" alt=\"Stadtlandschaften, seit 2013\" decoding=\"async\" loading=\"lazy\" srcset=\"https:\/\/maikehaeusling.de\/wp-content\/uploads\/Stadtlandschaft_Bockenheim_02_HP-150x150.jpg 150w, https:\/\/maikehaeusling.de\/wp-content\/uploads\/Stadtlandschaft_Bockenheim_02_HP-700x700.jpg 700w\" sizes=\"(max-width: 150px) 100vw, 150px\" title=\"\" data-rl_title=\"\" \/><\/a>\n\t\t\t<\/dt><\/dl><dl class='gallery-item'>\n\t\t\t<dt class='gallery-icon landscape'>\n\t\t\t\t<a href='https:\/\/maikehaeusling.de\/wp-content\/uploads\/Stadtlandschaft_Bockenheim_01_IMG_0072.HP_.jpg' class=\"rl-gallery-link\" data-rl_caption=\"\" data-rel=\"lightbox-gallery-1\" data-magnific_type=\"gallery\"><img width=\"150\" height=\"150\" src=\"https:\/\/maikehaeusling.de\/wp-content\/uploads\/Stadtlandschaft_Bockenheim_01_IMG_0072.HP_-150x150.jpg\" class=\"attachment-thumbnail size-thumbnail\" alt=\"Stadtlandschaften, seit 2013\" decoding=\"async\" loading=\"lazy\" title=\"\" data-rl_title=\"\" \/><\/a>\n\t\t\t<\/dt><\/dl><dl class='gallery-item'>\n\t\t\t<dt class='gallery-icon landscape'>\n\t\t\t\t<a href='https:\/\/maikehaeusling.de\/wp-content\/uploads\/Stadtlandschaft_Bockenheim_03_IMG_0074.HP_.jpg' class=\"rl-gallery-link\" data-rl_caption=\"\" data-rel=\"lightbox-gallery-1\" data-magnific_type=\"gallery\"><img width=\"150\" height=\"150\" src=\"https:\/\/maikehaeusling.de\/wp-content\/uploads\/Stadtlandschaft_Bockenheim_03_IMG_0074.HP_-150x150.jpg\" class=\"attachment-thumbnail size-thumbnail\" alt=\"Stadtlandschaften, seit 2013\" decoding=\"async\" loading=\"lazy\" srcset=\"https:\/\/maikehaeusling.de\/wp-content\/uploads\/Stadtlandschaft_Bockenheim_03_IMG_0074.HP_-150x150.jpg 150w, https:\/\/maikehaeusling.de\/wp-content\/uploads\/Stadtlandschaft_Bockenheim_03_IMG_0074.HP_-700x700.jpg 700w\" sizes=\"(max-width: 150px) 100vw, 150px\" title=\"\" data-rl_title=\"\" \/><\/a>\n\t\t\t<\/dt><\/dl><br style=\"clear: both\" \/>\n\t\t<\/div>\n\n<p>&nbsp;<\/p>\n<p>&nbsp;<\/p>\n<p>Stadtlandschaften, 2011\u2013 2014, Aquarellserie, verschiedene Formate<\/p>\n<p>Sperrm\u00fcll \u2013 gelesen als tempor\u00e4re installation: Was werfen die Bewohner weg und wie drapieren sie es vor ihren H\u00e4usern? Diese Aquarellserie basiert auf Handyfotografien von Sperrm\u00fcllhaufen, aufgenommen im Stadtraum Frankfurts.<\/p>\n<p>&nbsp;<\/p>","protected":false},"excerpt":{"rendered":"<p>&nbsp; &nbsp; Stadtlandschaften, 2011\u2013 2014, Aquarellserie, verschiedene Formate Sperrm\u00fcll \u2013 gelesen als tempor\u00e4re installation: Was werfen die Bewohner weg und wie drapieren sie es vor ihren H\u00e4usern? Diese Aquarellserie basiert auf Handyfotografien von Sperrm\u00fcllhaufen, aufgenommen im Stadtraum Frankfurts. &nbsp;<\/p>","protected":false},"author":1,"featured_media":112,"comment_status":"closed","ping_status":"closed","sticky":false,"template":"","format":"standard","meta":[],"categories":[6],"tags":[],"_links":{"self":[{"href":"https:\/\/maikehaeusling.de\/en\/wp-json\/wp\/v2\/posts\/256"}],"collection":[{"href":"https:\/\/maikehaeusling.de\/en\/wp-json\/wp\/v2\/posts"}],"about":[{"href":"https:\/\/maikehaeusling.de\/en\/wp-json\/wp\/v2\/types\/post"}],"author":[{"embeddable":true,"href":"https:\/\/maikehaeusling.de\/en\/wp-json\/wp\/v2\/users\/1"}],"replies":[{"embeddable":true,"href":"https:\/\/maikehaeusling.de\/en\/wp-json\/wp\/v2\/comments?post=256"}],"version-history":[{"count":10,"href":"https:\/\/maikehaeusling.de\/en\/wp-json\/wp\/v2\/posts\/256\/revisions"}],"predecessor-version":[{"id":1065,"href":"https:\/\/maikehaeusling.de\/en\/wp-json\/wp\/v2\/posts\/256\/revisions\/1065"}],"wp:featuredmedia":[{"embeddable":true,"href":"https:\/\/maikehaeusling.de\/en\/wp-json\/wp\/v2\/media\/112"}],"wp:attachment":[{"href":"https:\/\/maikehaeusling.de\/en\/wp-json\/wp\/v2\/media?parent=256"}],"wp:term":[{"taxonomy":"category","embeddable":true,"href":"https:\/\/maikehaeusling.de\/en\/wp-json\/wp\/v2\/categories?post=256"},{"taxonomy":"post_tag","embeddable":true,"href":"https:\/\/maikehaeusling.de\/en\/wp-json\/wp\/v2\/tags?post=256"}],"curies":[{"name":"wp","href":"https:\/\/api.w.org\/{rel}","templated":true}]}}